{"id":1022,"date":"2025-10-29T18:32:34","date_gmt":"2025-10-29T18:32:34","guid":{"rendered":"https:\/\/www.umbrellacitylines.sk\/?p=1022"},"modified":"2026-03-26T14:59:03","modified_gmt":"2026-03-26T14:59:03","slug":"transport-in-der-region-zilina","status":"publish","type":"post","link":"https:\/\/www.umbrellacitylines.sk\/de\/transport-in-der-region-zilina\/","title":{"rendered":"Transport in der Region \u017dilina"},"content":{"rendered":"\n<p><\/p>\n\n\n\n<h4 class=\"wp-block-heading\">IDS \u017dilina Region \u2013 Preislisten und Anspruchsgruppen<\/h4>\n\n\n\n<p>Erm\u00e4\u00dfigter Fahrpreis: Kinder von 6 bis 18 Jahren, Sch\u00fcler und Studenten bis 26 Jahre, Senioren ab 63 Jahren sowie Inhaber der Ausweise \u0164ZP, \u0164ZP-S (einschlie\u00dflich Begleitpersonen).<br>Kostenlose Fahrten: Kinder unter 6 Jahren.<br><\/p>\n\n\n\n<p>Weitere Informationen finden Sie auf der offiziellen Website des IDS \u017dilina Region: <a href=\"http:\/\/www.idzk.sk\">www.idzk.sk<\/a>.<\/p>\n\n\n\n<p><\/p>\n\n\n\n<hr class=\"wp-block-separator has-alpha-channel-opacity\"\/>\n\n\n\n<p><\/p>\n\n\n\n<h4 class=\"wp-block-heading\">Tarife des Stadtverkehrs Ru\u017eomberok (au\u00dferhalb IDS)<\/h4>\n\n\n\n<p>Zus\u00e4tzlich zu den Tarifen des IDS \u017dilina Region bleiben auch die Tarife des Stadtverkehrs Ru\u017eomberok g\u00fcltig.<\/p>\n\n\n\n<h4 class=\"wp-block-heading\">Elektronischer Fahrpreis<\/h4>\n\n\n\n<p>Ab dem 1. November 2025 ist es m\u00f6glich, den Fahrpreis mit einer Bankkarte auf dem Niveau eines 60-Minuten-Tickets sowie mit einer Transportkarte oder \u00fcber eine mobile App zu bezahlen. Vorl\u00e4ufig handelt es sich um einen nicht integrierten Fahrpreis.<\/p>\n\n\n\n<h4 class=\"wp-block-heading\">Erm\u00e4\u00dfigter Kurzstreckenfahrpreis (50&nbsp;%)<\/h4>\n\n\n\n<ul class=\"wp-block-list\">\n<li>Blutspender, der Inhaber der Goldenen oder Diamantenen J\u00e1nsky-Plakette ist.<\/li>\n<\/ul>\n\n\n\n<h4 class=\"wp-block-heading\">Kostenlose Bef\u00f6rderung<\/h4>\n\n\n\n<ul class=\"wp-block-list\">\n<li>Begleitperson eines Kindes im Kinderwagen oder in einer Babytrage.<\/li>\n\n\n\n<li>Begleitperson einer schwerbehinderten Person mit \u0164ZP-S-Ausweis.<\/li>\n\n\n\n<li>Inhaber eines \u0164ZP-Ausweises \u2013 \u201eblind\u201c \u2013 und eine Begleitperson.<\/li>\n\n\n\n<li>Inhaber eines \u0164ZP- oder \u0164ZP-S-Ausweises im Rollstuhl und eine Begleitperson.<\/li>\n\n\n\n<li>Kinderwagen mit Kind.<\/li>\n\n\n\n<li>Blindenf\u00fchrhund eines \u0164ZP-S-Ausweisinhabers.<\/li>\n<\/ul>\n\n\n<a href=\"https:\/\/www.umbrellacitylines.sk\/wp-content\/uploads\/2025\/10\/informace-pro-70-cestujici-k-1.4.2026-1.pdf\" class=\"pdfemb-viewer\" style=\"\" data-width=\"max\" data-height=\"max\" data-toolbar=\"bottom\" data-toolbar-fixed=\"off\">informace-pro-70-cestujici-k-1.4.2026-1<\/a>\n\n<a href=\"https:\/\/www.umbrellacitylines.sk\/wp-content\/uploads\/2025\/10\/Schema-zon-IDS-PLUS-od-29-3-2026-1.pdf\" class=\"pdfemb-viewer\" style=\"\" data-width=\"max\" data-height=\"max\" data-toolbar=\"bottom\" data-toolbar-fixed=\"off\">Schema-zon-IDS-PLUS-od-29-3-2026-1<\/a>\n\n<a href=\"https:\/\/www.umbrellacitylines.sk\/wp-content\/uploads\/2025\/10\/Komplenty-cennik-IDS-PLUS-3.pdf\" class=\"pdfemb-viewer\" style=\"\" data-width=\"max\" data-height=\"max\" data-toolbar=\"bottom\" data-toolbar-fixed=\"off\">Komplenty-cennik-IDS-PLUS-3<\/a>\n\n<a href=\"https:\/\/www.umbrellacitylines.sk\/wp-content\/uploads\/2025\/10\/Komplenty-cennik-IDS-PLUS-2-2.pdf\" class=\"pdfemb-viewer\" style=\"\" data-width=\"max\" data-height=\"max\" data-toolbar=\"bottom\" data-toolbar-fixed=\"off\">Komplenty-cennik-IDS-PLUS-2-2<\/a>\n\n<a href=\"https:\/\/www.umbrellacitylines.sk\/wp-content\/uploads\/2025\/10\/Priloha-c.-4-Prepravny-poriadok-IDS-PLUS-III.etapa-od-29.3.2026-1.pdf\" class=\"pdfemb-viewer\" style=\"\" data-width=\"max\" data-height=\"max\" data-toolbar=\"bottom\" data-toolbar-fixed=\"off\">Priloha-c.-4-Prepravny-poriadok-IDS-PLUS-III.etapa-od-29.3.2026-1<\/a>","protected":false},"excerpt":{"rendered":"<p>Die Busse der Umbrella City Lines werden ab dem 1. November 2025 Teil des Integrierten Verkehrssystems der Region \u017dilina (IDS PLUS) sein. Im Artikel finden Sie Links zu aktuellen Preislisten, eine Karte des IDS, Informationen zu erm\u00e4\u00dfigten und kostenlosen Fahrten, eine \u00dcbersicht \u00fcber g\u00fcltige Tarife f\u00fcr den \u00f6ffentlichen Nahverkehr in Ru\u017eomberok au\u00dferhalb des IDS und weitere Informationen.<\/p>\n","protected":false},"author":7,"featured_media":510,"comment_status":"open","ping_status":"open","sticky":false,"template":"","format":"standard","meta":{"_acf_changed":false,"footnotes":""},"categories":[36],"tags":[],"class_list":["post-1022","post","type-post","status-publish","format-standard","has-post-thumbnail","hentry","category-umbrella-city-lines-de-2"],"acf":[],"yoast_head":"<!-- This site is optimized with the Yoast SEO plugin v26.6 - https:\/\/yoast.com\/wordpress\/plugins\/seo\/ -->\n<title>Transport in der Region \u017dilina - Umbrella City Lines<\/title>\n<meta name=\"robots\" content=\"index, follow, max-snippet:-1, max-image-preview:large, max-video-preview:-1\" \/>\n<link rel=\"canonical\" href=\"https:\/\/www.umbrellacitylines.sk\/de\/transport-in-der-region-zilina\/\" \/>\n<meta property=\"og:locale\" content=\"de_DE\" \/>\n<meta property=\"og:type\" content=\"article\" \/>\n<meta property=\"og:title\" content=\"Transport in der Region \u017dilina - Umbrella City Lines\" \/>\n<meta property=\"og:description\" content=\"Die Busse der Umbrella City Lines werden ab dem 1. November 2025 Teil des Integrierten Verkehrssystems der Region \u017dilina (IDS PLUS) sein. Im Artikel finden Sie Links zu aktuellen Preislisten, eine Karte des IDS, Informationen zu erm\u00e4\u00dfigten und kostenlosen Fahrten, eine \u00dcbersicht \u00fcber g\u00fcltige Tarife f\u00fcr den \u00f6ffentlichen Nahverkehr in Ru\u017eomberok au\u00dferhalb des IDS und weitere Informationen.\" \/>\n<meta property=\"og:url\" content=\"https:\/\/www.umbrellacitylines.sk\/de\/transport-in-der-region-zilina\/\" \/>\n<meta property=\"og:site_name\" content=\"Umbrella City Lines\" \/>\n<meta property=\"article:published_time\" content=\"2025-10-29T18:32:34+00:00\" \/>\n<meta property=\"article:modified_time\" content=\"2026-03-26T14:59:03+00:00\" \/>\n<meta property=\"og:image\" content=\"https:\/\/www.umbrellacitylines.sk\/wp-content\/uploads\/2024\/06\/AboutUS-desktop-min.png\" \/>\n\t<meta property=\"og:image:width\" content=\"1440\" \/>\n\t<meta property=\"og:image:height\" content=\"524\" \/>\n\t<meta property=\"og:image:type\" content=\"image\/png\" \/>\n<meta name=\"author\" content=\"garazs\" \/>\n<meta name=\"twitter:card\" content=\"summary_large_image\" \/>\n<meta name=\"twitter:label1\" content=\"Verfasst von\" \/>\n\t<meta name=\"twitter:data1\" content=\"garazs\" \/>\n\t<meta name=\"twitter:label2\" content=\"Gesch\u00e4tzte Lesezeit\" \/>\n\t<meta name=\"twitter:data2\" content=\"2\u00a0Minuten\" \/>\n<script type=\"application\/ld+json\" class=\"yoast-schema-graph\">{\"@context\":\"https:\/\/schema.org\",\"@graph\":[{\"@type\":\"WebPage\",\"@id\":\"https:\/\/www.umbrellacitylines.sk\/de\/transport-in-der-region-zilina\/\",\"url\":\"https:\/\/www.umbrellacitylines.sk\/de\/transport-in-der-region-zilina\/\",\"name\":\"Transport in der Region \u017dilina - Umbrella City Lines\",\"isPartOf\":{\"@id\":\"https:\/\/www.umbrellacitylines.sk\/#website\"},\"primaryImageOfPage\":{\"@id\":\"https:\/\/www.umbrellacitylines.sk\/de\/transport-in-der-region-zilina\/#primaryimage\"},\"image\":{\"@id\":\"https:\/\/www.umbrellacitylines.sk\/de\/transport-in-der-region-zilina\/#primaryimage\"},\"thumbnailUrl\":\"https:\/\/www.umbrellacitylines.sk\/wp-content\/uploads\/2024\/06\/AboutUS-desktop-min.png\",\"datePublished\":\"2025-10-29T18:32:34+00:00\",\"dateModified\":\"2026-03-26T14:59:03+00:00\",\"author\":{\"@id\":\"https:\/\/www.umbrellacitylines.sk\/#\/schema\/person\/00797562195cf52719f72a6b220a3814\"},\"breadcrumb\":{\"@id\":\"https:\/\/www.umbrellacitylines.sk\/de\/transport-in-der-region-zilina\/#breadcrumb\"},\"inLanguage\":\"de\",\"potentialAction\":[{\"@type\":\"ReadAction\",\"target\":[\"https:\/\/www.umbrellacitylines.sk\/de\/transport-in-der-region-zilina\/\"]}]},{\"@type\":\"ImageObject\",\"inLanguage\":\"de\",\"@id\":\"https:\/\/www.umbrellacitylines.sk\/de\/transport-in-der-region-zilina\/#primaryimage\",\"url\":\"https:\/\/www.umbrellacitylines.sk\/wp-content\/uploads\/2024\/06\/AboutUS-desktop-min.png\",\"contentUrl\":\"https:\/\/www.umbrellacitylines.sk\/wp-content\/uploads\/2024\/06\/AboutUS-desktop-min.png\",\"width\":1440,\"height\":524},{\"@type\":\"BreadcrumbList\",\"@id\":\"https:\/\/www.umbrellacitylines.sk\/de\/transport-in-der-region-zilina\/#breadcrumb\",\"itemListElement\":[{\"@type\":\"ListItem\",\"position\":1,\"name\":\"Dom\u016f\",\"item\":\"https:\/\/www.umbrellacitylines.sk\/de\/\"},{\"@type\":\"ListItem\",\"position\":2,\"name\":\"Transport in der Region \u017dilina\"}]},{\"@type\":\"WebSite\",\"@id\":\"https:\/\/www.umbrellacitylines.sk\/#website\",\"url\":\"https:\/\/www.umbrellacitylines.sk\/\",\"name\":\"Umbrella City Lines\",\"description\":\"\",\"potentialAction\":[{\"@type\":\"SearchAction\",\"target\":{\"@type\":\"EntryPoint\",\"urlTemplate\":\"https:\/\/www.umbrellacitylines.sk\/?s={search_term_string}\"},\"query-input\":{\"@type\":\"PropertyValueSpecification\",\"valueRequired\":true,\"valueName\":\"search_term_string\"}}],\"inLanguage\":\"de\"},{\"@type\":\"Person\",\"@id\":\"https:\/\/www.umbrellacitylines.sk\/#\/schema\/person\/00797562195cf52719f72a6b220a3814\",\"name\":\"garazs\",\"image\":{\"@type\":\"ImageObject\",\"inLanguage\":\"de\",\"@id\":\"https:\/\/www.umbrellacitylines.sk\/#\/schema\/person\/image\/\",\"url\":\"https:\/\/secure.gravatar.com\/avatar\/81da4192f86674e5a951e1c0c25786fd12cd8017ae402e1e3dbf889a450ef74f?s=96&d=mm&r=g\",\"contentUrl\":\"https:\/\/secure.gravatar.com\/avatar\/81da4192f86674e5a951e1c0c25786fd12cd8017ae402e1e3dbf889a450ef74f?s=96&d=mm&r=g\",\"caption\":\"garazs\"},\"url\":\"https:\/\/www.umbrellacitylines.sk\/de\/author\/garazs\/\"}]}<\/script>\n<!-- \/ Yoast SEO plugin. -->","yoast_head_json":{"title":"Transport in der Region \u017dilina - Umbrella City Lines","robots":{"index":"index","follow":"follow","max-snippet":"max-snippet:-1","max-image-preview":"max-image-preview:large","max-video-preview":"max-video-preview:-1"},"canonical":"https:\/\/www.umbrellacitylines.sk\/de\/transport-in-der-region-zilina\/","og_locale":"de_DE","og_type":"article","og_title":"Transport in der Region \u017dilina - Umbrella City Lines","og_description":"Die Busse der Umbrella City Lines werden ab dem 1. November 2025 Teil des Integrierten Verkehrssystems der Region \u017dilina (IDS PLUS) sein. Im Artikel finden Sie Links zu aktuellen Preislisten, eine Karte des IDS, Informationen zu erm\u00e4\u00dfigten und kostenlosen Fahrten, eine \u00dcbersicht \u00fcber g\u00fcltige Tarife f\u00fcr den \u00f6ffentlichen Nahverkehr in Ru\u017eomberok au\u00dferhalb des IDS und weitere Informationen.","og_url":"https:\/\/www.umbrellacitylines.sk\/de\/transport-in-der-region-zilina\/","og_site_name":"Umbrella City Lines","article_published_time":"2025-10-29T18:32:34+00:00","article_modified_time":"2026-03-26T14:59:03+00:00","og_image":[{"width":1440,"height":524,"url":"https:\/\/www.umbrellacitylines.sk\/wp-content\/uploads\/2024\/06\/AboutUS-desktop-min.png","type":"image\/png"}],"author":"garazs","twitter_card":"summary_large_image","twitter_misc":{"Verfasst von":"garazs","Gesch\u00e4tzte Lesezeit":"2\u00a0Minuten"},"schema":{"@context":"https:\/\/schema.org","@graph":[{"@type":"WebPage","@id":"https:\/\/www.umbrellacitylines.sk\/de\/transport-in-der-region-zilina\/","url":"https:\/\/www.umbrellacitylines.sk\/de\/transport-in-der-region-zilina\/","name":"Transport in der Region \u017dilina - Umbrella City Lines","isPartOf":{"@id":"https:\/\/www.umbrellacitylines.sk\/#website"},"primaryImageOfPage":{"@id":"https:\/\/www.umbrellacitylines.sk\/de\/transport-in-der-region-zilina\/#primaryimage"},"image":{"@id":"https:\/\/www.umbrellacitylines.sk\/de\/transport-in-der-region-zilina\/#primaryimage"},"thumbnailUrl":"https:\/\/www.umbrellacitylines.sk\/wp-content\/uploads\/2024\/06\/AboutUS-desktop-min.png","datePublished":"2025-10-29T18:32:34+00:00","dateModified":"2026-03-26T14:59:03+00:00","author":{"@id":"https:\/\/www.umbrellacitylines.sk\/#\/schema\/person\/00797562195cf52719f72a6b220a3814"},"breadcrumb":{"@id":"https:\/\/www.umbrellacitylines.sk\/de\/transport-in-der-region-zilina\/#breadcrumb"},"inLanguage":"de","potentialAction":[{"@type":"ReadAction","target":["https:\/\/www.umbrellacitylines.sk\/de\/transport-in-der-region-zilina\/"]}]},{"@type":"ImageObject","inLanguage":"de","@id":"https:\/\/www.umbrellacitylines.sk\/de\/transport-in-der-region-zilina\/#primaryimage","url":"https:\/\/www.umbrellacitylines.sk\/wp-content\/uploads\/2024\/06\/AboutUS-desktop-min.png","contentUrl":"https:\/\/www.umbrellacitylines.sk\/wp-content\/uploads\/2024\/06\/AboutUS-desktop-min.png","width":1440,"height":524},{"@type":"BreadcrumbList","@id":"https:\/\/www.umbrellacitylines.sk\/de\/transport-in-der-region-zilina\/#breadcrumb","itemListElement":[{"@type":"ListItem","position":1,"name":"Dom\u016f","item":"https:\/\/www.umbrellacitylines.sk\/de\/"},{"@type":"ListItem","position":2,"name":"Transport in der Region \u017dilina"}]},{"@type":"WebSite","@id":"https:\/\/www.umbrellacitylines.sk\/#website","url":"https:\/\/www.umbrellacitylines.sk\/","name":"Umbrella City Lines","description":"","potentialAction":[{"@type":"SearchAction","target":{"@type":"EntryPoint","urlTemplate":"https:\/\/www.umbrellacitylines.sk\/?s={search_term_string}"},"query-input":{"@type":"PropertyValueSpecification","valueRequired":true,"valueName":"search_term_string"}}],"inLanguage":"de"},{"@type":"Person","@id":"https:\/\/www.umbrellacitylines.sk\/#\/schema\/person\/00797562195cf52719f72a6b220a3814","name":"garazs","image":{"@type":"ImageObject","inLanguage":"de","@id":"https:\/\/www.umbrellacitylines.sk\/#\/schema\/person\/image\/","url":"https:\/\/secure.gravatar.com\/avatar\/81da4192f86674e5a951e1c0c25786fd12cd8017ae402e1e3dbf889a450ef74f?s=96&d=mm&r=g","contentUrl":"https:\/\/secure.gravatar.com\/avatar\/81da4192f86674e5a951e1c0c25786fd12cd8017ae402e1e3dbf889a450ef74f?s=96&d=mm&r=g","caption":"garazs"},"url":"https:\/\/www.umbrellacitylines.sk\/de\/author\/garazs\/"}]}},"_links":{"self":[{"href":"https:\/\/www.umbrellacitylines.sk\/de\/wp-json\/wp\/v2\/posts\/1022","targetHints":{"allow":["GET"]}}],"collection":[{"href":"https:\/\/www.umbrellacitylines.sk\/de\/wp-json\/wp\/v2\/posts"}],"about":[{"href":"https:\/\/www.umbrellacitylines.sk\/de\/wp-json\/wp\/v2\/types\/post"}],"author":[{"embeddable":true,"href":"https:\/\/www.umbrellacitylines.sk\/de\/wp-json\/wp\/v2\/users\/7"}],"replies":[{"embeddable":true,"href":"https:\/\/www.umbrellacitylines.sk\/de\/wp-json\/wp\/v2\/comments?post=1022"}],"version-history":[{"count":6,"href":"https:\/\/www.umbrellacitylines.sk\/de\/wp-json\/wp\/v2\/posts\/1022\/revisions"}],"predecessor-version":[{"id":1270,"href":"https:\/\/www.umbrellacitylines.sk\/de\/wp-json\/wp\/v2\/posts\/1022\/revisions\/1270"}],"wp:featuredmedia":[{"embeddable":true,"href":"https:\/\/www.umbrellacitylines.sk\/de\/wp-json\/wp\/v2\/media\/510"}],"wp:attachment":[{"href":"https:\/\/www.umbrellacitylines.sk\/de\/wp-json\/wp\/v2\/media?parent=1022"}],"wp:term":[{"taxonomy":"category","embeddable":true,"href":"https:\/\/www.umbrellacitylines.sk\/de\/wp-json\/wp\/v2\/categories?post=1022"},{"taxonomy":"post_tag","embeddable":true,"href":"https:\/\/www.umbrellacitylines.sk\/de\/wp-json\/wp\/v2\/tags?post=1022"}],"curies":[{"name":"wp","href":"https:\/\/api.w.org\/{rel}","templated":true}]}}